{"id":5698,"date":"2017-07-10T22:05:41","date_gmt":"2017-07-10T19:05:41","guid":{"rendered":"https:\/\/www.lieksanurheilijat.com\/?p=5698"},"modified":"2017-07-10T22:07:47","modified_gmt":"2017-07-10T19:07:47","slug":"seurakisoissa-vilsketta-ja-vilinaa","status":"publish","type":"post","link":"https:\/\/www.lieksanurheilijat.com\/?p=5698","title":{"rendered":"Seurakisoissa vilskett\u00e4 ja vilin\u00e4\u00e4"},"content":{"rendered":"<p>[wc_row]<br \/>\n[wc_column size=&#8221;one-half&#8221; position=&#8221;first&#8221;]Viime viikolla vietettiin Lieksassa suurta urheilun juhlaa, kun ohjelmassa oli t\u00e4m\u00e4n kes\u00e4n ensimm\u00e4inen seurakisaviikko.<\/p>\n<p>Urheilukoululaisia oli kisaamassa noin 100. Kisoissa tuli hienoja suorituksia ja jokainen ylitti itsens\u00e4. Lajeina oli 3-6v pituus ja pikajuoksu, 7-12v. kisasivat tiistaina 100 metrill\u00e4 ja kuulan ty\u00f6nn\u00f6ss\u00e4. Torstaina oli 7-8 -vuotiailla korkeus ja 9-12 -vuotiaat hypp\u00e4siv\u00e4t kolmiloikkaa. T\u00e4m\u00e4 v\u00e4h\u00e4n vieraampikin laji sujui todella hienosti. Jamalissa kisattiin juoksussa, keih\u00e4\u00e4ss\u00e4 ja erilaisia taitoja vaativassa radassa.<\/p>\n<p>Kaikenkaikkiaan Lieksassa\u00a0on nyt paljon lahjakkaita tulevaisuuden toivoja. Toivottavasti saadaan pidetty\u00e4 heid\u00e4t vain lajin parissa. Kisat saatiin vedetty\u00e4 Jamalin ryhm\u00e4n osalta todella hyv\u00e4ss\u00e4 s\u00e4\u00e4ss\u00e4. Keskuskent\u00e4ll\u00e4 taas kisailtiin perisuomalaisessa kes\u00e4s\u00e4\u00e4ss\u00e4, mutta kolea s\u00e4\u00e4 ja pieni tihkusade ei kuitenkaan kisailijoita haitannut.<\/p>\n<p>Kaikki saivat mitalit joista oltiinkin tosi onnellisia ja ylpeit\u00e4. Onnittelut viel\u00e4 kaikille kisaajille ja seuraava seurakisaviikko pidet\u00e4\u00e4nkin jo hein\u00e4-elokuun vaihteessa.<\/p>\n<p><a href=\"https:\/\/www.lieksanurheilijat.com\/tuloksia\/2017-2\/silja-line-seurakisat\/\"><span style=\"text-decoration: underline;\"><strong>TULOKSET<\/strong><\/span><\/a><\/p>\n<p><a href=\"https:\/\/www.facebook.com\/media\/set\/?set=a.1285059031591152.1073741832.482237151873348&amp;type=1&amp;l=dd7789233f\" target=\"_blank\" rel=\"noopener\"><span style=\"text-decoration: underline;\"><strong>LIS\u00c4\u00c4 KUVIA KISOISTA JA\u00a0KES\u00c4N URHEILUKOULUSTA<\/strong><\/span><\/a><br \/>\n[\/wc_column]<br \/>\n[wc_column size=&#8221;one-half&#8221; position=&#8221;last&#8221;]<br \/>\n[\/wc_column]<br \/>\n<a href=\"https:\/\/www.lieksanurheilijat.com\/wp-content\/uploads\/DSC_0043.jpg\"><img loading=\"lazy\" decoding=\"async\" class=\"wp-image-5700 size-medium alignright\" src=\"https:\/\/www.lieksanurheilijat.com\/wp-content\/uploads\/DSC_0043-300x169.jpg\" alt=\"\" width=\"300\" height=\"169\" \/><\/a><br \/>\n<a href=\"https:\/\/www.lieksanurheilijat.com\/wp-content\/uploads\/IMG_3565.jpg\"><img loading=\"lazy\" decoding=\"async\" class=\"wp-image-5701 size-medium alignright\" style=\"font-style: normal; font-variant-ligatures: normal; font-variant-caps: normal; font-weight: normal; font-size: 16px; font-family: 'Times New Roman';\" src=\"https:\/\/www.lieksanurheilijat.com\/wp-content\/uploads\/IMG_3565-300x200.jpg\" alt=\"\" width=\"300\" height=\"200\" \/><\/a><br \/>\n<a href=\"https:\/\/www.lieksanurheilijat.com\/wp-content\/uploads\/IMG_3642.jpg\"><img loading=\"lazy\" decoding=\"async\" class=\"wp-image-5702 size-medium alignright\" style=\"font-style: normal; font-variant-ligatures: normal; font-variant-caps: normal; font-weight: normal; font-size: 15.2px; font-family: 'Times New Roman';\" src=\"https:\/\/www.lieksanurheilijat.com\/wp-content\/uploads\/IMG_3642-300x200.jpg\" alt=\"\" width=\"300\" height=\"200\" \/><\/a><br \/>\n[\/wc_row]<\/p>\n","protected":false},"excerpt":{"rendered":"<p>[wc_row] [wc_column size=&#8221;one-half&#8221; position=&#8221;first&#8221;]Viime viikolla vietettiin Lieksassa suurta urheilun juhlaa, kun ohjelmassa oli t\u00e4m\u00e4n kes\u00e4n ensimm\u00e4inen seurakisaviikko. Urheilukoululaisia oli kisaamassa noin 100. Kisoissa tuli hienoja suorituksia ja jokainen ylitti itsens\u00e4. Lajeina oli 3-6v pituus ja pikajuoksu, 7-12v. kisasivat tiistaina 100 metrill\u00e4 ja kuulan ty\u00f6nn\u00f6ss\u00e4. Torstaina oli 7-8 -vuotiailla korkeus ja &hellip;<\/p>\n","protected":false},"author":3,"featured_media":0,"comment_status":"closed","ping_status":"closed","sticky":false,"template":"","format":"standard","meta":{"footnotes":""},"categories":[1],"tags":[],"class_list":["post-5698","post","type-post","status-publish","format-standard","hentry","category-yleinen"],"_links":{"self":[{"href":"https:\/\/www.lieksanurheilijat.com\/index.php?rest_route=\/wp\/v2\/posts\/5698","targetHints":{"allow":["GET"]}}],"collection":[{"href":"https:\/\/www.lieksanurheilijat.com\/index.php?rest_route=\/wp\/v2\/posts"}],"about":[{"href":"https:\/\/www.lieksanurheilijat.com\/index.php?rest_route=\/wp\/v2\/types\/post"}],"author":[{"embeddable":true,"href":"https:\/\/www.lieksanurheilijat.com\/index.php?rest_route=\/wp\/v2\/users\/3"}],"replies":[{"embeddable":true,"href":"https:\/\/www.lieksanurheilijat.com\/index.php?rest_route=%2Fwp%2Fv2%2Fcomments&post=5698"}],"version-history":[{"count":10,"href":"https:\/\/www.lieksanurheilijat.com\/index.php?rest_route=\/wp\/v2\/posts\/5698\/revisions"}],"predecessor-version":[{"id":5712,"href":"https:\/\/www.lieksanurheilijat.com\/index.php?rest_route=\/wp\/v2\/posts\/5698\/revisions\/5712"}],"wp:attachment":[{"href":"https:\/\/www.lieksanurheilijat.com\/index.php?rest_route=%2Fwp%2Fv2%2Fmedia&parent=5698"}],"wp:term":[{"taxonomy":"category","embeddable":true,"href":"https:\/\/www.lieksanurheilijat.com\/index.php?rest_route=%2Fwp%2Fv2%2Fcategories&post=5698"},{"taxonomy":"post_tag","embeddable":true,"href":"https:\/\/www.lieksanurheilijat.com\/index.php?rest_route=%2Fwp%2Fv2%2Ftags&post=5698"}],"curies":[{"name":"wp","href":"https:\/\/api.w.org\/{rel}","templated":true}]}}